{"id":17456,"date":"2017-03-22T17:41:01","date_gmt":"2017-03-22T23:41:01","guid":{"rendered":"https:\/\/vamosmexico.org.mx\/se-realiza-la-segunda-entrega-del-programa-pan-de-vida\/"},"modified":"2024-02-08T12:17:24","modified_gmt":"2024-02-08T18:17:24","slug":"the-second-installment-of-the-bread-of-life-program-is-carried-out","status":"publish","type":"post","link":"https:\/\/vamosmexico.org.mx\/en\/blog\/the-second-installment-of-the-bread-of-life-program-is-carried-out\/","title":{"rendered":"The second installment of the &#8220;Bread of Life&#8221; program is carried out"},"content":{"rendered":"<p>Como parte del programa &#8220;Pan de Vida&#8221;, se entregaron alrededor de 700 bolsas de cereal a instituciones como:\u00a0<strong>Fundaci\u00f3n Emmanuel, Lluvia Temprana, Casa de Cuidados Diarios, Alfan, Iluminando, ALUCCA, CIPEC, C\u00e1ritas, Casa Asistencial Kan Etznab A.C., Comienzos, Asilo Pablo de Anda, La Lupita, Familias Unidas de Guanajuato A.C., Hipocampus, DIF Silao y DIF Manuel Doblado.<\/strong><\/p>\n<p>De la mano de estas instituciones combatimos dos de los problemas m\u00e1s grandes en la sociedad que son la desnutrici\u00f3n y la obesidad infantil.Tambien se inici\u00f3 la campa\u00f1a para promover la higiene bucal, donde entregamos kits b\u00e1sicos de limpieza a las instituciones para que hagan entrega de los art\u00edculos a las personas y comenzar a promover una higiene bucal adecuada para evitar infecciones.\u00a0Por \u00faltimo, platicamos con\u00a0Nashelly Salazar,\u00a0directora de\u00a0&#8220;Alucca&#8221;,\u00a0donde nos platic\u00f3 acerca del trabajo que realiza en su asociaci\u00f3n, su experiencia y beneficios con el cereal para los ni\u00f1os que forman parte de\u00a0&#8220;<a href=\"https:\/\/www.youtube.com\/watch?v=6WmuuzgerDA\">Alucca<\/a>&#8220;.<\/p>\n","protected":false},"excerpt":{"rendered":"<p>Como parte del programa &#8220;Pan de Vida&#8221;, se entregaron alrededor de 700 bolsas de cereal a instituciones como:\u00a0Fundaci\u00f3n Emmanuel, Lluvia Temprana, Casa de Cuidados Diarios, Alfan, Iluminando, ALUCCA, CIPEC, C\u00e1ritas, Casa Asistencial Kan Etznab A.C., Comienzos, Asilo Pablo de Anda, La Lupita, Familias Unidas de Guanajuato A.C., Hipocampus, DIF Silao y DIF Manuel Doblado. De [&hellip;]<\/p>\n","protected":false},"author":1,"featured_media":17417,"comment_status":"open","ping_status":"open","sticky":false,"template":"","format":"standard","meta":{"inline_featured_image":false,"footnotes":""},"categories":[129],"tags":[],"class_list":["post-17456","post","type-post","status-publish","format-standard","has-post-thumbnail","hentry","category-news"],"yoast_head":"<!-- This site is optimized with the Yoast SEO plugin v22.1 - https:\/\/yoast.com\/wordpress\/plugins\/seo\/ -->\n<title>The second installment of the &quot;Bread of Life&quot; program is carried out - Fundaci\u00f3n Vamos M\u00e9xico<\/title>\n<meta name=\"description\" content=\"Lee nuestro art\u00edculo The second installment of the &quot;Bread of Life&quot; program is carried out - Fundaci\u00f3n Vamos M\u00e9xico\" \/>\n<meta name=\"robots\" content=\"index, follow, max-snippet:-1, max-image-preview:large, max-video-preview:-1\" \/>\n<link rel=\"canonical\" href=\"https:\/\/vamosmexico.org.mx\/en\/blog\/the-second-installment-of-the-bread-of-life-program-is-carried-out\/\" \/>\n<meta property=\"og:locale\" content=\"en_US\" \/>\n<meta property=\"og:type\" content=\"article\" \/>\n<meta property=\"og:title\" content=\"The second installment of the &quot;Bread of Life&quot; program is carried out - Fundaci\u00f3n Vamos M\u00e9xico\" \/>\n<meta property=\"og:description\" content=\"Lee nuestro art\u00edculo The second installment of the &quot;Bread of Life&quot; program is carried out - Fundaci\u00f3n Vamos M\u00e9xico\" \/>\n<meta property=\"og:url\" content=\"https:\/\/vamosmexico.org.mx\/en\/blog\/the-second-installment-of-the-bread-of-life-program-is-carried-out\/\" \/>\n<meta property=\"og:site_name\" content=\"Fundaci\u00f3n Vamos M\u00e9xico\" \/>\n<meta property=\"article:published_time\" content=\"2017-03-22T23:41:01+00:00\" \/>\n<meta property=\"article:modified_time\" content=\"2024-02-08T18:17:24+00:00\" \/>\n<meta property=\"og:image\" content=\"https:\/\/vamosmexico.org.mx\/wp-content\/uploads\/2024\/01\/56.png\" \/>\n\t<meta property=\"og:image:width\" content=\"640\" \/>\n\t<meta property=\"og:image:height\" content=\"427\" \/>\n\t<meta property=\"og:image:type\" content=\"image\/png\" \/>\n<meta name=\"author\" content=\"fvmw3bm@st3r\" \/>\n<meta name=\"twitter:card\" content=\"summary_large_image\" \/>\n<meta name=\"twitter:label1\" content=\"Written by\" \/>\n\t<meta name=\"twitter:data1\" content=\"fvmw3bm@st3r\" \/>\n\t<meta name=\"twitter:label2\" content=\"Est. reading time\" \/>\n\t<meta name=\"twitter:data2\" content=\"1 minute\" \/>\n<script type=\"application\/ld+json\" class=\"yoast-schema-graph\">{\"@context\":\"https:\/\/schema.org\",\"@graph\":[{\"@type\":\"Article\",\"@id\":\"https:\/\/vamosmexico.org.mx\/en\/blog\/the-second-installment-of-the-bread-of-life-program-is-carried-out\/#article\",\"isPartOf\":{\"@id\":\"https:\/\/vamosmexico.org.mx\/en\/blog\/the-second-installment-of-the-bread-of-life-program-is-carried-out\/\"},\"author\":{\"name\":\"fvmw3bm@st3r\",\"@id\":\"https:\/\/vamosmexico.org.mx\/#\/schema\/person\/6b4b7e185d20e2becf9e5cdae4cf7f25\"},\"headline\":\"The second installment of the &#8220;Bread of Life&#8221; program is carried out\",\"datePublished\":\"2017-03-22T23:41:01+00:00\",\"dateModified\":\"2024-02-08T18:17:24+00:00\",\"mainEntityOfPage\":{\"@id\":\"https:\/\/vamosmexico.org.mx\/en\/blog\/the-second-installment-of-the-bread-of-life-program-is-carried-out\/\"},\"wordCount\":176,\"commentCount\":0,\"publisher\":{\"@id\":\"https:\/\/vamosmexico.org.mx\/#organization\"},\"articleSection\":[\"News\"],\"inLanguage\":\"en-US\",\"potentialAction\":[{\"@type\":\"CommentAction\",\"name\":\"Comment\",\"target\":[\"https:\/\/vamosmexico.org.mx\/en\/blog\/the-second-installment-of-the-bread-of-life-program-is-carried-out\/#respond\"]}]},{\"@type\":\"WebPage\",\"@id\":\"https:\/\/vamosmexico.org.mx\/en\/blog\/the-second-installment-of-the-bread-of-life-program-is-carried-out\/\",\"url\":\"https:\/\/vamosmexico.org.mx\/en\/blog\/the-second-installment-of-the-bread-of-life-program-is-carried-out\/\",\"name\":\"The second installment of the \\\"Bread of Life\\\" program is carried out - Fundaci\u00f3n Vamos M\u00e9xico\",\"isPartOf\":{\"@id\":\"https:\/\/vamosmexico.org.mx\/#website\"},\"datePublished\":\"2017-03-22T23:41:01+00:00\",\"dateModified\":\"2024-02-08T18:17:24+00:00\",\"description\":\"Lee nuestro art\u00edculo The second installment of the \\\"Bread of Life\\\" program is carried out - Fundaci\u00f3n Vamos M\u00e9xico\",\"breadcrumb\":{\"@id\":\"https:\/\/vamosmexico.org.mx\/en\/blog\/the-second-installment-of-the-bread-of-life-program-is-carried-out\/#breadcrumb\"},\"inLanguage\":\"en-US\",\"potentialAction\":[{\"@type\":\"ReadAction\",\"target\":[\"https:\/\/vamosmexico.org.mx\/en\/blog\/the-second-installment-of-the-bread-of-life-program-is-carried-out\/\"]}]},{\"@type\":\"BreadcrumbList\",\"@id\":\"https:\/\/vamosmexico.org.mx\/en\/blog\/the-second-installment-of-the-bread-of-life-program-is-carried-out\/#breadcrumb\",\"itemListElement\":[{\"@type\":\"ListItem\",\"position\":1,\"name\":\"Portada\",\"item\":\"https:\/\/vamosmexico.org.mx\/en\/\"},{\"@type\":\"ListItem\",\"position\":2,\"name\":\"The second installment of the &#8220;Bread of Life&#8221; program is carried out\"}]},{\"@type\":\"WebSite\",\"@id\":\"https:\/\/vamosmexico.org.mx\/#website\",\"url\":\"https:\/\/vamosmexico.org.mx\/\",\"name\":\"Fundaci\u00f3n Vamos M\u00e9xico\",\"description\":\"Fundaci\u00f3n Vamos M\u00e9xico is a non-profit social organization that began activities on September 24, 2001.\",\"publisher\":{\"@id\":\"https:\/\/vamosmexico.org.mx\/#organization\"},\"potentialAction\":[{\"@type\":\"SearchAction\",\"target\":{\"@type\":\"EntryPoint\",\"urlTemplate\":\"https:\/\/vamosmexico.org.mx\/?s={search_term_string}\"},\"query-input\":\"required name=search_term_string\"}],\"inLanguage\":\"en-US\"},{\"@type\":\"Organization\",\"@id\":\"https:\/\/vamosmexico.org.mx\/#organization\",\"name\":\"Fundaci\u00f3n Vamos M\u00e9xico\",\"url\":\"https:\/\/vamosmexico.org.mx\/\",\"logo\":{\"@type\":\"ImageObject\",\"inLanguage\":\"en-US\",\"@id\":\"https:\/\/vamosmexico.org.mx\/#\/schema\/logo\/image\/\",\"url\":\"https:\/\/vamosmexico.org.mx\/wp-content\/uploads\/2023\/07\/logo-grande.png\",\"contentUrl\":\"https:\/\/vamosmexico.org.mx\/wp-content\/uploads\/2023\/07\/logo-grande.png\",\"width\":375,\"height\":364,\"caption\":\"Fundaci\u00f3n Vamos M\u00e9xico\"},\"image\":{\"@id\":\"https:\/\/vamosmexico.org.mx\/#\/schema\/logo\/image\/\"}},{\"@type\":\"Person\",\"@id\":\"https:\/\/vamosmexico.org.mx\/#\/schema\/person\/6b4b7e185d20e2becf9e5cdae4cf7f25\",\"name\":\"fvmw3bm@st3r\",\"image\":{\"@type\":\"ImageObject\",\"inLanguage\":\"en-US\",\"@id\":\"https:\/\/vamosmexico.org.mx\/#\/schema\/person\/image\/\",\"url\":\"https:\/\/secure.gravatar.com\/avatar\/ca806e7664c7e1dd7bbb22dcbfe9489d6a46c0cf79bbefd6197a8a29de5c7b28?s=96&d=mm&r=g\",\"contentUrl\":\"https:\/\/secure.gravatar.com\/avatar\/ca806e7664c7e1dd7bbb22dcbfe9489d6a46c0cf79bbefd6197a8a29de5c7b28?s=96&d=mm&r=g\",\"caption\":\"fvmw3bm@st3r\"},\"sameAs\":[\"https:\/\/vamosmexico.org.mx\"],\"url\":\"https:\/\/vamosmexico.org.mx\/en\/blog\/author\/fvmw3bmst3r\/\"}]}<\/script>\n<!-- \/ Yoast SEO plugin. -->","yoast_head_json":{"title":"The second installment of the \"Bread of Life\" program is carried out - Fundaci\u00f3n Vamos M\u00e9xico","description":"Lee nuestro art\u00edculo The second installment of the \"Bread of Life\" program is carried out - Fundaci\u00f3n Vamos M\u00e9xico","robots":{"index":"index","follow":"follow","max-snippet":"max-snippet:-1","max-image-preview":"max-image-preview:large","max-video-preview":"max-video-preview:-1"},"canonical":"https:\/\/vamosmexico.org.mx\/en\/blog\/the-second-installment-of-the-bread-of-life-program-is-carried-out\/","og_locale":"en_US","og_type":"article","og_title":"The second installment of the \"Bread of Life\" program is carried out - Fundaci\u00f3n Vamos M\u00e9xico","og_description":"Lee nuestro art\u00edculo The second installment of the \"Bread of Life\" program is carried out - Fundaci\u00f3n Vamos M\u00e9xico","og_url":"https:\/\/vamosmexico.org.mx\/en\/blog\/the-second-installment-of-the-bread-of-life-program-is-carried-out\/","og_site_name":"Fundaci\u00f3n Vamos M\u00e9xico","article_published_time":"2017-03-22T23:41:01+00:00","article_modified_time":"2024-02-08T18:17:24+00:00","og_image":[{"width":640,"height":427,"url":"https:\/\/vamosmexico.org.mx\/wp-content\/uploads\/2024\/01\/56.png","type":"image\/png"}],"author":"fvmw3bm@st3r","twitter_card":"summary_large_image","twitter_misc":{"Written by":"fvmw3bm@st3r","Est. reading time":"1 minute"},"schema":{"@context":"https:\/\/schema.org","@graph":[{"@type":"Article","@id":"https:\/\/vamosmexico.org.mx\/en\/blog\/the-second-installment-of-the-bread-of-life-program-is-carried-out\/#article","isPartOf":{"@id":"https:\/\/vamosmexico.org.mx\/en\/blog\/the-second-installment-of-the-bread-of-life-program-is-carried-out\/"},"author":{"name":"fvmw3bm@st3r","@id":"https:\/\/vamosmexico.org.mx\/#\/schema\/person\/6b4b7e185d20e2becf9e5cdae4cf7f25"},"headline":"The second installment of the &#8220;Bread of Life&#8221; program is carried out","datePublished":"2017-03-22T23:41:01+00:00","dateModified":"2024-02-08T18:17:24+00:00","mainEntityOfPage":{"@id":"https:\/\/vamosmexico.org.mx\/en\/blog\/the-second-installment-of-the-bread-of-life-program-is-carried-out\/"},"wordCount":176,"commentCount":0,"publisher":{"@id":"https:\/\/vamosmexico.org.mx\/#organization"},"articleSection":["News"],"inLanguage":"en-US","potentialAction":[{"@type":"CommentAction","name":"Comment","target":["https:\/\/vamosmexico.org.mx\/en\/blog\/the-second-installment-of-the-bread-of-life-program-is-carried-out\/#respond"]}]},{"@type":"WebPage","@id":"https:\/\/vamosmexico.org.mx\/en\/blog\/the-second-installment-of-the-bread-of-life-program-is-carried-out\/","url":"https:\/\/vamosmexico.org.mx\/en\/blog\/the-second-installment-of-the-bread-of-life-program-is-carried-out\/","name":"The second installment of the \"Bread of Life\" program is carried out - Fundaci\u00f3n Vamos M\u00e9xico","isPartOf":{"@id":"https:\/\/vamosmexico.org.mx\/#website"},"datePublished":"2017-03-22T23:41:01+00:00","dateModified":"2024-02-08T18:17:24+00:00","description":"Lee nuestro art\u00edculo The second installment of the \"Bread of Life\" program is carried out - Fundaci\u00f3n Vamos M\u00e9xico","breadcrumb":{"@id":"https:\/\/vamosmexico.org.mx\/en\/blog\/the-second-installment-of-the-bread-of-life-program-is-carried-out\/#breadcrumb"},"inLanguage":"en-US","potentialAction":[{"@type":"ReadAction","target":["https:\/\/vamosmexico.org.mx\/en\/blog\/the-second-installment-of-the-bread-of-life-program-is-carried-out\/"]}]},{"@type":"BreadcrumbList","@id":"https:\/\/vamosmexico.org.mx\/en\/blog\/the-second-installment-of-the-bread-of-life-program-is-carried-out\/#breadcrumb","itemListElement":[{"@type":"ListItem","position":1,"name":"Portada","item":"https:\/\/vamosmexico.org.mx\/en\/"},{"@type":"ListItem","position":2,"name":"The second installment of the &#8220;Bread of Life&#8221; program is carried out"}]},{"@type":"WebSite","@id":"https:\/\/vamosmexico.org.mx\/#website","url":"https:\/\/vamosmexico.org.mx\/","name":"Fundaci\u00f3n Vamos M\u00e9xico","description":"Fundaci\u00f3n Vamos M\u00e9xico is a non-profit social organization that began activities on September 24, 2001.","publisher":{"@id":"https:\/\/vamosmexico.org.mx\/#organization"},"potentialAction":[{"@type":"SearchAction","target":{"@type":"EntryPoint","urlTemplate":"https:\/\/vamosmexico.org.mx\/?s={search_term_string}"},"query-input":"required name=search_term_string"}],"inLanguage":"en-US"},{"@type":"Organization","@id":"https:\/\/vamosmexico.org.mx\/#organization","name":"Fundaci\u00f3n Vamos M\u00e9xico","url":"https:\/\/vamosmexico.org.mx\/","logo":{"@type":"ImageObject","inLanguage":"en-US","@id":"https:\/\/vamosmexico.org.mx\/#\/schema\/logo\/image\/","url":"https:\/\/vamosmexico.org.mx\/wp-content\/uploads\/2023\/07\/logo-grande.png","contentUrl":"https:\/\/vamosmexico.org.mx\/wp-content\/uploads\/2023\/07\/logo-grande.png","width":375,"height":364,"caption":"Fundaci\u00f3n Vamos M\u00e9xico"},"image":{"@id":"https:\/\/vamosmexico.org.mx\/#\/schema\/logo\/image\/"}},{"@type":"Person","@id":"https:\/\/vamosmexico.org.mx\/#\/schema\/person\/6b4b7e185d20e2becf9e5cdae4cf7f25","name":"fvmw3bm@st3r","image":{"@type":"ImageObject","inLanguage":"en-US","@id":"https:\/\/vamosmexico.org.mx\/#\/schema\/person\/image\/","url":"https:\/\/secure.gravatar.com\/avatar\/ca806e7664c7e1dd7bbb22dcbfe9489d6a46c0cf79bbefd6197a8a29de5c7b28?s=96&d=mm&r=g","contentUrl":"https:\/\/secure.gravatar.com\/avatar\/ca806e7664c7e1dd7bbb22dcbfe9489d6a46c0cf79bbefd6197a8a29de5c7b28?s=96&d=mm&r=g","caption":"fvmw3bm@st3r"},"sameAs":["https:\/\/vamosmexico.org.mx"],"url":"https:\/\/vamosmexico.org.mx\/en\/blog\/author\/fvmw3bmst3r\/"}]}},"_links":{"self":[{"href":"https:\/\/vamosmexico.org.mx\/en\/wp-json\/wp\/v2\/posts\/17456","targetHints":{"allow":["GET"]}}],"collection":[{"href":"https:\/\/vamosmexico.org.mx\/en\/wp-json\/wp\/v2\/posts"}],"about":[{"href":"https:\/\/vamosmexico.org.mx\/en\/wp-json\/wp\/v2\/types\/post"}],"author":[{"embeddable":true,"href":"https:\/\/vamosmexico.org.mx\/en\/wp-json\/wp\/v2\/users\/1"}],"replies":[{"embeddable":true,"href":"https:\/\/vamosmexico.org.mx\/en\/wp-json\/wp\/v2\/comments?post=17456"}],"version-history":[{"count":0,"href":"https:\/\/vamosmexico.org.mx\/en\/wp-json\/wp\/v2\/posts\/17456\/revisions"}],"wp:featuredmedia":[{"embeddable":true,"href":"https:\/\/vamosmexico.org.mx\/en\/wp-json\/wp\/v2\/media\/17417"}],"wp:attachment":[{"href":"https:\/\/vamosmexico.org.mx\/en\/wp-json\/wp\/v2\/media?parent=17456"}],"wp:term":[{"taxonomy":"category","embeddable":true,"href":"https:\/\/vamosmexico.org.mx\/en\/wp-json\/wp\/v2\/categories?post=17456"},{"taxonomy":"post_tag","embeddable":true,"href":"https:\/\/vamosmexico.org.mx\/en\/wp-json\/wp\/v2\/tags?post=17456"}],"curies":[{"name":"wp","href":"https:\/\/api.w.org\/{rel}","templated":true}]}}